{"id":6709,"date":"2024-01-08T15:23:14","date_gmt":"2024-01-08T14:23:14","guid":{"rendered":"https:\/\/anasta.fr\/?p=6709"},"modified":"2024-01-08T15:36:37","modified_gmt":"2024-01-08T14:36:37","slug":"difficultes-dacces-au-financement","status":"publish","type":"post","link":"https:\/\/anasta.fr\/en\/difficultes-dacces-au-financement\/","title":{"rendered":"Difficult\u00e9s d&rsquo;acc\u00e8s au financement"},"content":{"rendered":"<div data-elementor-type=\"wp-post\" data-elementor-id=\"6709\" class=\"elementor elementor-6709\">\n\t\t\t\t\t\t\t<div class=\"elementor-element elementor-element-7836bd8 e-flex e-con-boxed e-con e-parent\" data-id=\"7836bd8\" data-element_type=\"container\" data-settings=\"{&quot;content_width&quot;:&quot;boxed&quot;}\" data-core-v316-plus=\"true\">\n\t\t\t\t\t<div class=\"e-con-inner\">\n\t\t\t\t<div class=\"elementor-element elementor-element-fdd8201 elementor-widget elementor-widget-gva-heading-block\" data-id=\"fdd8201\" data-element_type=\"widget\" data-widget_type=\"gva-heading-block.default\">\n\t\t\t\t<div class=\"elementor-widget-container\">\n\t\t\t<div class=\"gva-element-gva-heading-block gva-element\">   <div class=\"align-left style-1 widget gsc-heading\">\r\n      <div class=\"content-inner\">\r\n         \r\n                  \r\n           \r\n         \r\n                     <h2 class=\"title\">\r\n               <span>Difficult\u00e9s d'acc\u00e8s au financement<\/span>\r\n            <\/h2>\r\n                  \r\n         \r\n      <\/div>\r\n   <\/div>\r\n   <div class=\"clearfix\"><\/div>\r\n<\/div>\t\t<\/div>\n\t\t\t\t<\/div>\n\t\t<div class=\"elementor-element elementor-element-ab8d6b9 e-con-full e-flex e-con e-child\" data-id=\"ab8d6b9\" data-element_type=\"container\" data-settings=\"{&quot;content_width&quot;:&quot;full&quot;}\">\n\t\t\t\t<div class=\"elementor-element elementor-element-593fd69 elementor-widget__width-initial elementor-widget elementor-widget-text-editor\" data-id=\"593fd69\" data-element_type=\"widget\" data-widget_type=\"text-editor.default\">\n\t\t\t\t<div class=\"elementor-widget-container\">\n\t\t\t<style>\/*! elementor - v3.17.0 - 01-11-2023 *\/\n.elementor-widget-text-editor.elementor-drop-cap-view-stacked .elementor-drop-cap{background-color:#69727d;color:#fff}.elementor-widget-text-editor.elementor-drop-cap-view-framed .elementor-drop-cap{color:#69727d;border:3px solid;background-color:transparent}.elementor-widget-text-editor:not(.elementor-drop-cap-view-default) .elementor-drop-cap{margin-top:8px}.elementor-widget-text-editor:not(.elementor-drop-cap-view-default) .elementor-drop-cap-letter{width:1em;height:1em}.elementor-widget-text-editor .elementor-drop-cap{float:left;text-align:center;line-height:1;font-size:50px}.elementor-widget-text-editor .elementor-drop-cap-letter{display:inline-block}<\/style>\t\t\t\t<p><strong>Difficult\u00e9s d\u2019acc\u00e8s au financement pour les entreprises de la zone euro.<\/strong><\/p><p>Le 28 novembre 2023, la Banque Centrale Europ\u00e9enne (BCE) a publi\u00e9 les r\u00e9sultats de l\u2019enqu\u00eate semestrielle sur l\u2019acc\u00e8s des entreprises au financement dans la zone euro, couvrant la p\u00e9riode d\u2019avril \u00e0 septembre 2023.<\/p><p>Le rapport publi\u00e9 par la BCE pr\u00e9sente les principaux r\u00e9sultats de la 29e campagne de l\u2019enqu\u00eate SAFE dans la zone euro, qui a \u00e9t\u00e9 r\u00e9alis\u00e9e entre le 4 septembre et le 18 octobre 2023, et a port\u00e9 sur la p\u00e9riode comprise entre avril et septembre 2023. L\u2019\u00e9chantillon recouvrait 11 523 entreprises, dont 10 499 (92 %) sont des petites et moyennes entreprises (PME) (c\u2019est-\u00e0-dire des entreprises comptant moins de 250 salari\u00e9s).<\/p><p>Le r\u00e9sultat de cette enqu\u00eate permet notamment de mesure les effets de la politique mon\u00e9taire.<\/p><p>Depuis plusieurs mois, les \u00e9tablissements bancaires ont durci leurs crit\u00e8res d\u2019octroi de pr\u00eats aux entreprises. A cet \u00e9gard, une enqu\u00eate de la Banque Centrale Europ\u00e9enne faisait d\u00e9j\u00e0 \u00e9tat de cette baisse de la distribution du cr\u00e9dit bancaire dans la zone euro au premier semestre 2023.<\/p>\t\t\t\t\t\t<\/div>\n\t\t\t\t<\/div>\n\t\t\t\t<div class=\"elementor-element elementor-element-85da8b8 elementor-widget elementor-widget-image\" data-id=\"85da8b8\" data-element_type=\"widget\" data-widget_type=\"image.default\">\n\t\t\t\t<div class=\"elementor-widget-container\">\n\t\t\t<style>\/*! elementor - v3.17.0 - 01-11-2023 *\/\n.elementor-widget-image{text-align:center}.elementor-widget-image a{display:inline-block}.elementor-widget-image a img[src$=\".svg\"]{width:48px}.elementor-widget-image img{vertical-align:middle;display:inline-block}<\/style>\t\t\t\t\t\t\t\t\t\t\t\t<img loading=\"lazy\" decoding=\"async\" width=\"900\" height=\"600\" src=\"https:\/\/anasta.fr\/wp-content\/uploads\/2024\/01\/anasta-actualite-financements-1024x683.jpg\" class=\"attachment-large size-large wp-image-6717\" alt=\"\" \/>\t\t\t\t\t\t\t\t\t\t\t\t\t\t\t<\/div>\n\t\t\t\t<\/div>\n\t\t\t\t<\/div>\n\t\t\t\t<div class=\"elementor-element elementor-element-b4edbd4 elementor-widget elementor-widget-text-editor\" data-id=\"b4edbd4\" data-element_type=\"widget\" data-widget_type=\"text-editor.default\">\n\t\t\t\t<div class=\"elementor-widget-container\">\n\t\t\t\t\t\t\t<p>Dans sa pr\u00e9c\u00e9dente enqu\u00eate, la BCE indiquait que \u00ab La demande nette de pr\u00eats des entreprises a fortement chut\u00e9 au deuxi\u00e8me trimestre 2023, tombant \u00e0 un plus bas historique depuis le d\u00e9but de l&rsquo;enqu\u00eate en 2003 \u00bb.<\/p><p>C\u2019est donc sans surprise que cette tendance se poursuit. Une part importante des entreprises a d\u00e9clar\u00e9 des modalit\u00e9s d\u2019acc\u00e8s et des conditions tarifaires plus strictes pour les pr\u00eats bancaires.<\/p><p>Cette enqu\u00eate met \u00e9galement en \u00e9vidence une nette augmentation de la part des entreprises financi\u00e8rement vuln\u00e9rable (9% des entreprises de la zone euro ont rencontr\u00e9 des difficult\u00e9s majeures dans l\u2019exercice de leur activit\u00e9 et pour rembourser leurs dettes au cours des six derniers mois).<\/p><p>L\u2019augmentation du chiffre d\u2019affaires des entreprises se poursuit, mais de fa\u00e7on moins marqu\u00e9e que pr\u00e9c\u00e9demment. Par ailleurs, il convient de noter une d\u00e9t\u00e9rioration des b\u00e9n\u00e9fices (-14% par rapport \u00e0 l\u2019enqu\u00eate pr\u00e9c\u00e9dente) qui s\u2019explique principalement par l\u2019augmentation des co\u00fbts de main d\u2019oeuvre et des co\u00fbts li\u00e9s aux mat\u00e9riaux et \u00e0 l\u2019\u00e9nergie.<\/p><p>De plus, l\u2019augmentation des taux d\u2019int\u00e9r\u00eats impacte la rentabilit\u00e9 des entreprises.<\/p><p>La hausse g\u00e9n\u00e9ralis\u00e9e des taux d\u2019int\u00e9r\u00eat bancaires et des autres co\u00fbts du financement bancaire est mis en avant par 86% des entreprises interrog\u00e9es.<\/p><p>Celles-ci s\u2019attendent \u00e0 une baisse de la disponibilit\u00e9 de l\u2019ensemble des sources de financement externe.<br \/>Outre leurs besoins \u00e0 court terme, le durcissement des conditions d\u2019acc\u00e8s au financement est pr\u00e9judiciable aux entreprises notamment s\u2019agissant des perspectives \u00e0 moyen terme.<\/p><p>En effet, lorsque les entreprises rencontrent des difficult\u00e9s pour obtenir des pr\u00eats bancaires, elles ont tendance \u00e0 retarder leurs investissements, ce qui n\u2019est pas une strat\u00e9gie efficiente sur le long terme.<br \/>Selon certaines pr\u00e9visions, les investissements devraient connaitre un ralentissement important en 2024.<\/p>\t\t\t\t\t\t<\/div>\n\t\t\t\t<\/div>\n\t\t\t\t\t<\/div>\n\t\t\t\t<\/div>\n\t\t\t\t\t\t\t<\/div>","protected":false},"excerpt":{"rendered":"<p>Difficult\u00e9s d\u2019acc\u00e8s au financement pour les entreprises de la zone euro.<\/p>","protected":false},"author":1,"featured_media":6717,"comment_status":"closed","ping_status":"open","sticky":false,"template":"elementor_header_footer","format":"standard","meta":{"footnotes":""},"categories":[1],"tags":[],"class_list":["post-6709","post","type-post","status-publish","format-standard","has-post-thumbnail","hentry","category-non-classe"],"_links":{"self":[{"href":"https:\/\/anasta.fr\/en\/wp-json\/wp\/v2\/posts\/6709","targetHints":{"allow":["GET"]}}],"collection":[{"href":"https:\/\/anasta.fr\/en\/wp-json\/wp\/v2\/posts"}],"about":[{"href":"https:\/\/anasta.fr\/en\/wp-json\/wp\/v2\/types\/post"}],"author":[{"embeddable":true,"href":"https:\/\/anasta.fr\/en\/wp-json\/wp\/v2\/users\/1"}],"replies":[{"embeddable":true,"href":"https:\/\/anasta.fr\/en\/wp-json\/wp\/v2\/comments?post=6709"}],"version-history":[{"count":9,"href":"https:\/\/anasta.fr\/en\/wp-json\/wp\/v2\/posts\/6709\/revisions"}],"predecessor-version":[{"id":6731,"href":"https:\/\/anasta.fr\/en\/wp-json\/wp\/v2\/posts\/6709\/revisions\/6731"}],"wp:featuredmedia":[{"embeddable":true,"href":"https:\/\/anasta.fr\/en\/wp-json\/wp\/v2\/media\/6717"}],"wp:attachment":[{"href":"https:\/\/anasta.fr\/en\/wp-json\/wp\/v2\/media?parent=6709"}],"wp:term":[{"taxonomy":"category","embeddable":true,"href":"https:\/\/anasta.fr\/en\/wp-json\/wp\/v2\/categories?post=6709"},{"taxonomy":"post_tag","embeddable":true,"href":"https:\/\/anasta.fr\/en\/wp-json\/wp\/v2\/tags?post=6709"}],"curies":[{"name":"wp","href":"https:\/\/api.w.org\/{rel}","templated":true}]}}