{"id":6708,"date":"2024-01-08T15:07:32","date_gmt":"2024-01-08T14:07:32","guid":{"rendered":"https:\/\/anasta.fr\/?p=6708"},"modified":"2024-01-08T15:37:44","modified_gmt":"2024-01-08T14:37:44","slug":"modifications-statutaires-impliquees-par-le-plan","status":"publish","type":"post","link":"https:\/\/anasta.fr\/en\/modifications-statutaires-impliquees-par-le-plan\/","title":{"rendered":"Modifications statutaires impliqu\u00e9es par le plan"},"content":{"rendered":"<div data-elementor-type=\"wp-post\" data-elementor-id=\"6708\" class=\"elementor elementor-6708\">\n\t\t\t\t\t\t\t<div class=\"elementor-element elementor-element-7836bd8 e-flex e-con-boxed e-con e-parent\" data-id=\"7836bd8\" data-element_type=\"container\" data-settings=\"{&quot;content_width&quot;:&quot;boxed&quot;}\" data-core-v316-plus=\"true\">\n\t\t\t\t\t<div class=\"e-con-inner\">\n\t\t\t\t<div class=\"elementor-element elementor-element-fdd8201 elementor-widget elementor-widget-gva-heading-block\" data-id=\"fdd8201\" data-element_type=\"widget\" data-widget_type=\"gva-heading-block.default\">\n\t\t\t\t<div class=\"elementor-widget-container\">\n\t\t\t<div class=\"gva-element-gva-heading-block gva-element\">   <div class=\"align-left style-1 widget gsc-heading\">\r\n      <div class=\"content-inner\">\r\n         \r\n                  \r\n           \r\n         \r\n                     <h2 class=\"title\">\r\n               <span>Modifications statutaires impliqu\u00e9es par le plan<\/span>\r\n            <\/h2>\r\n                  \r\n         \r\n      <\/div>\r\n   <\/div>\r\n   <div class=\"clearfix\"><\/div>\r\n<\/div>\t\t<\/div>\n\t\t\t\t<\/div>\n\t\t<div class=\"elementor-element elementor-element-ab8d6b9 e-con-full e-flex e-con e-child\" data-id=\"ab8d6b9\" data-element_type=\"container\" data-settings=\"{&quot;content_width&quot;:&quot;full&quot;}\">\n\t\t\t\t<div class=\"elementor-element elementor-element-593fd69 elementor-widget__width-initial elementor-widget elementor-widget-text-editor\" data-id=\"593fd69\" data-element_type=\"widget\" data-widget_type=\"text-editor.default\">\n\t\t\t\t<div class=\"elementor-widget-container\">\n\t\t\t<style>\/*! elementor - v3.17.0 - 01-11-2023 *\/\n.elementor-widget-text-editor.elementor-drop-cap-view-stacked .elementor-drop-cap{background-color:#69727d;color:#fff}.elementor-widget-text-editor.elementor-drop-cap-view-framed .elementor-drop-cap{color:#69727d;border:3px solid;background-color:transparent}.elementor-widget-text-editor:not(.elementor-drop-cap-view-default) .elementor-drop-cap{margin-top:8px}.elementor-widget-text-editor:not(.elementor-drop-cap-view-default) .elementor-drop-cap-letter{width:1em;height:1em}.elementor-widget-text-editor .elementor-drop-cap{float:left;text-align:center;line-height:1;font-size:50px}.elementor-widget-text-editor .elementor-drop-cap-letter{display:inline-block}<\/style>\t\t\t\t<p><strong>Lorsqu\u2019une op\u00e9ration de coup d\u2019accord\u00e9on est pr\u00e9vue dans le jugement arr\u00eatant le plan de redressement, la d\u00e9signation d\u2019un mandataire ad hoc, sur le fondement de l\u2019article 873 du Code de <\/strong><strong>proc\u00e9dure civile, post\u00e9rieurement \u00e0 l\u2019arr\u00eat\u00e9 du plan, permet de passer outre l\u2019opposition des associ\u00e9s r\u00e9calcitrants.<\/strong><\/p>\n<p>L\u2019arr\u00eat rendu par la Chambre Commerciale de la Cour de cassation le 22 novembre 2023 (n\u00b022-16.362) met en exergue la possibilit\u00e9 ouverte \u00e0 une soci\u00e9t\u00e9 de contrer le pouvoir de nuisances des associ\u00e9s<br>r\u00e9calcitrants en sollicitant la nomination d\u2019un mandataire ad hoc, avec pour mission de voter en lieu et place des actionnaires opposants, permettant ainsi la mise en \u0153uvre d\u2019une op\u00e9ration de coup d\u2019accord\u00e9on.<\/p>\n<p>Une soci\u00e9t\u00e9 dont le capital se d\u00e9compose en 30 607 actions d\u00e9tenues par plus de 60 actionnaires, est plac\u00e9e en redressement judiciaire, un administrateur judiciaire \u00e9tant d\u00e9sign\u00e9 dans le cadre de la<br>p\u00e9riode d\u2019observation.<\/p><p>Un plan de redressement est arr\u00eat\u00e9 pr\u00e9voyant des mesures de restructuration financi\u00e8res qui consistent en une r\u00e9duction de capital social \u00e0 z\u00e9ro suivi d\u2019une augmentation de capital avec suppression du droit pr\u00e9f\u00e9rentiel de souscription, par l\u2019\u00e9mission de 100 000 actions ordinaires au profit d\u2019une soci\u00e9t\u00e9 tierce. Par l\u2019effet de la contribution aux pertes, l\u2019op\u00e9ration tend donc \u00e0 faire perdre aux associ\u00e9s la totalit\u00e9 de leur titre et \u00e0 les exclure de l\u2019augmentation de capital.<\/p>\t\t\t\t\t\t<\/div>\n\t\t\t\t<\/div>\n\t\t\t\t<div class=\"elementor-element elementor-element-85da8b8 elementor-widget elementor-widget-image\" data-id=\"85da8b8\" data-element_type=\"widget\" data-widget_type=\"image.default\">\n\t\t\t\t<div class=\"elementor-widget-container\">\n\t\t\t<style>\/*! elementor - v3.17.0 - 01-11-2023 *\/\n.elementor-widget-image{text-align:center}.elementor-widget-image a{display:inline-block}.elementor-widget-image a img[src$=\".svg\"]{width:48px}.elementor-widget-image img{vertical-align:middle;display:inline-block}<\/style>\t\t\t\t\t\t\t\t\t\t\t\t<img loading=\"lazy\" decoding=\"async\" width=\"900\" height=\"900\" src=\"https:\/\/anasta.fr\/wp-content\/uploads\/2023\/11\/conciliation1-1024x1024.jpg\" class=\"attachment-large size-large wp-image-6433\" alt=\"\" \/>\t\t\t\t\t\t\t\t\t\t\t\t\t\t\t<\/div>\n\t\t\t\t<\/div>\n\t\t\t\t<\/div>\n\t\t\t\t<div class=\"elementor-element elementor-element-b4edbd4 elementor-widget elementor-widget-text-editor\" data-id=\"b4edbd4\" data-element_type=\"widget\" data-widget_type=\"text-editor.default\">\n\t\t\t\t<div class=\"elementor-widget-container\">\n\t\t\t\t\t\t\t<p><span style=\"color: var( --e-global-color-text ); font-family: var( --e-global-typography-text-font-family ), Sans-serif; font-size: var( --e-global-typography-text-font-size ); font-weight: var( --e-global-typography-text-font-weight ); text-align: var(--text-align);\">Le jugement arr\u00eatant le plan \u00e9tant devenu d\u00e9finitif, une assembl\u00e9e g\u00e9n\u00e9rale est convoqu\u00e9e visant \u00e0 mettre en \u0153uvre les mesures de restructuration financi\u00e8res pr\u00e9vues dans le plan de redressement. Ces r\u00e9solutions sont rejet\u00e9es par les actionnaires en place.<\/span><\/p><p>La soci\u00e9t\u00e9 les assigne devant le pr\u00e9sident du Tribunal, statuant en r\u00e9f\u00e9r\u00e9, aux fins de voir juger que leur opposition constitue un trouble manifestement illicite qu\u2019il convient de faire cesser puisqu\u2019il expose la soci\u00e9t\u00e9 \u00e0 un dommage imminent (\u00e0 savoir la liquidation judiciaire).<\/p><p>Elle demande \u00e9galement la d\u00e9signation un mandataire ad hoc, charg\u00e9 de voter en lieu et place des actionnaires minoritaires, dans le sens que commande l\u2019int\u00e9r\u00eat social lors de la prochaine assembl\u00e9e g\u00e9n\u00e9rale extraordinaire.<\/p><p>Il est fait droit \u00e0 la demande de la soci\u00e9t\u00e9, raison pour laquelle les actionnaires opposants ont form\u00e9 un pourvoi en cassation, en invoquant notamment l\u2019article L631-9-1 du Code de commerce.<\/p><p>L\u2019article pr\u00e9cit\u00e9 dispose que \u00ab si les capitaux propres n&rsquo;ont pas \u00e9t\u00e9 reconstitu\u00e9s dans les conditions pr\u00e9vues par l&rsquo;article L. 626-3, l&rsquo;administrateur a qualit\u00e9 pour demander la d\u00e9signation d&rsquo;un mandataire en justice charg\u00e9 de convoquer l&rsquo;assembl\u00e9e comp\u00e9tente et de voter la reconstitution du capital, \u00e0 concurrence du montant propos\u00e9 par l&rsquo;administrateur, \u00e0 la place du ou des associ\u00e9s ou actionnaires opposants lorsque le projet de plan pr\u00e9voit une modification du capital en faveur d&rsquo;une ou plusieurs personnes qui s&rsquo;engagent \u00e0 ex\u00e9cuter le plan \u00bb.<\/p><p>Les demandeurs au pourvoi soutiennent qu\u2019une op\u00e9ration d\u2019accord\u00e9on ne peut \u00eatre impos\u00e9e sur le fondement de l\u2019article L631-9 du Code de commerce et que, de plus, l\u2019op\u00e9ration projet\u00e9e ne permet pas d\u2019atteindre les seuils l\u00e9gaux en termes de reconstitution des capitaux propres.<\/p><p>La Cour de cassation \u00e9carte ce moyen en relevant que l\u2019assembl\u00e9e g\u00e9n\u00e9rale appel\u00e9e \u00e0 autoriser les mesures de restructuration financi\u00e8res s\u2019est tenue post\u00e9rieurement \u00e0 l\u2019arr\u00eat\u00e9 du plan, de sorte que les articles L631-9-1 et L626-3 du Code de commerce sont inapplicables. En l\u2019esp\u00e8ce, ce n\u2019est pas l\u2019administrateur judiciaire qui a sollicit\u00e9 la d\u00e9signation d\u2019un mandataire ad hoc sur la base du projet de plan.<\/p><p>En effet, la Cour souligne le fait que la demande a \u00e9t\u00e9 pr\u00e9sent\u00e9e par la soci\u00e9t\u00e9, apr\u00e8s l\u2019arr\u00eat du plan de redressement, sur le fondement d\u2019une disposition de droit commun et pr\u00e9cis\u00e9ment de l\u2019article 873 du Code de proc\u00e9dure civile.<\/p><p>La Cour rel\u00e8ve ensuite que l\u2019existence du trouble manifestement illicite et du dommage imminent se trouvait caract\u00e9ris\u00e9 en ce que l\u2019opposition des minoritaires se justifie de leur int\u00e9r\u00eat exclusif et que l\u2019usage du droit de votre appara\u00eet abusif en ce qu\u2019il fait obstacle \u00e0 la mise en \u0153uvre des mesures de restructuration financi\u00e8res jug\u00e9es indispensables au redressement de la soci\u00e9t\u00e9 et en cela, \u00e0 sa survie.<\/p><p>Cet arr\u00eat \u00e0 le m\u00e9rite de mettre en \u00e9vidence les outils \u00e0 disposition de la soci\u00e9t\u00e9 qui fait face \u00e0 des conflits internes et notamment des abus de minorit\u00e9, pouvant conduire \u00e0 des situations de blocage qui viennent menacer sa survie.<\/p><p>Il est en effet possible de surmonter l\u2019opposition des minoritaires lorsque l\u2019int\u00e9r\u00eat social le commande, que ce soit sur le fondement de dispositions sp\u00e9cifiques aux proc\u00e9dures collectives pendant la p\u00e9riode d\u2019observation ou sur le fondement du droit commun, une fois le plan de redressement arr\u00eat\u00e9.<\/p><p>C\u2019est \u00e9galement l\u2019occasion de voir de nouveau rappel\u00e9e la primaut\u00e9 de l\u2019int\u00e9r\u00eat social sur celui des actionnaires.<\/p>\t\t\t\t\t\t<\/div>\n\t\t\t\t<\/div>\n\t\t\t\t\t<\/div>\n\t\t\t\t<\/div>\n\t\t\t\t\t\t\t<\/div>","protected":false},"excerpt":{"rendered":"<p>Lorsqu\u2019une op\u00e9ration de coup d\u2019accord\u00e9on est pr\u00e9vue dans le jugement arr\u00eatant le plan de redressement, la d\u00e9signation d\u2019un mandataire ad hoc, sur le fondement de l\u2019article 873 du Code de proc\u00e9dure civile, post\u00e9rieurement \u00e0 l\u2019arr\u00eat\u00e9 du plan, permet de passer outre l\u2019opposition des associ\u00e9s r\u00e9calcitrants.<\/p>","protected":false},"author":1,"featured_media":6433,"comment_status":"closed","ping_status":"open","sticky":false,"template":"elementor_header_footer","format":"standard","meta":{"footnotes":""},"categories":[1],"tags":[],"class_list":["post-6708","post","type-post","status-publish","format-standard","has-post-thumbnail","hentry","category-non-classe"],"_links":{"self":[{"href":"https:\/\/anasta.fr\/en\/wp-json\/wp\/v2\/posts\/6708","targetHints":{"allow":["GET"]}}],"collection":[{"href":"https:\/\/anasta.fr\/en\/wp-json\/wp\/v2\/posts"}],"about":[{"href":"https:\/\/anasta.fr\/en\/wp-json\/wp\/v2\/types\/post"}],"author":[{"embeddable":true,"href":"https:\/\/anasta.fr\/en\/wp-json\/wp\/v2\/users\/1"}],"replies":[{"embeddable":true,"href":"https:\/\/anasta.fr\/en\/wp-json\/wp\/v2\/comments?post=6708"}],"version-history":[{"count":10,"href":"https:\/\/anasta.fr\/en\/wp-json\/wp\/v2\/posts\/6708\/revisions"}],"predecessor-version":[{"id":6735,"href":"https:\/\/anasta.fr\/en\/wp-json\/wp\/v2\/posts\/6708\/revisions\/6735"}],"wp:featuredmedia":[{"embeddable":true,"href":"https:\/\/anasta.fr\/en\/wp-json\/wp\/v2\/media\/6433"}],"wp:attachment":[{"href":"https:\/\/anasta.fr\/en\/wp-json\/wp\/v2\/media?parent=6708"}],"wp:term":[{"taxonomy":"category","embeddable":true,"href":"https:\/\/anasta.fr\/en\/wp-json\/wp\/v2\/categories?post=6708"},{"taxonomy":"post_tag","embeddable":true,"href":"https:\/\/anasta.fr\/en\/wp-json\/wp\/v2\/tags?post=6708"}],"curies":[{"name":"wp","href":"https:\/\/api.w.org\/{rel}","templated":true}]}}