{"id":6688,"date":"2024-01-08T14:48:15","date_gmt":"2024-01-08T13:48:15","guid":{"rendered":"https:\/\/anasta.fr\/?p=6688"},"modified":"2024-01-08T15:44:38","modified_gmt":"2024-01-08T14:44:38","slug":"levee-de-la-confidentialite-avant-le-jo","status":"publish","type":"post","link":"https:\/\/anasta.fr\/en\/levee-de-la-confidentialite-avant-le-jo\/","title":{"rendered":"Lev\u00e9e de la confidentialit\u00e9 avant le JO"},"content":{"rendered":"<div data-elementor-type=\"wp-post\" data-elementor-id=\"6688\" class=\"elementor elementor-6688\">\n\t\t\t\t\t\t\t<div class=\"elementor-element elementor-element-7836bd8 e-flex e-con-boxed e-con e-parent\" data-id=\"7836bd8\" data-element_type=\"container\" data-settings=\"{&quot;content_width&quot;:&quot;boxed&quot;}\" data-core-v316-plus=\"true\">\n\t\t\t\t\t<div class=\"e-con-inner\">\n\t\t\t\t<div class=\"elementor-element elementor-element-fdd8201 elementor-widget elementor-widget-gva-heading-block\" data-id=\"fdd8201\" data-element_type=\"widget\" data-widget_type=\"gva-heading-block.default\">\n\t\t\t\t<div class=\"elementor-widget-container\">\n\t\t\t<div class=\"gva-element-gva-heading-block gva-element\">   <div class=\"align-left style-1 widget gsc-heading\">\r\n      <div class=\"content-inner\">\r\n         \r\n                  \r\n           \r\n         \r\n                     <h2 class=\"title\">\r\n               <span>Lev\u00e9e de la confidentialit\u00e9 avant le JO<\/span>\r\n            <\/h2>\r\n                  \r\n         \r\n      <\/div>\r\n   <\/div>\r\n   <div class=\"clearfix\"><\/div>\r\n<\/div>\t\t<\/div>\n\t\t\t\t<\/div>\n\t\t<div class=\"elementor-element elementor-element-ab8d6b9 e-con-full e-flex e-con e-child\" data-id=\"ab8d6b9\" data-element_type=\"container\" data-settings=\"{&quot;content_width&quot;:&quot;full&quot;}\">\n\t\t\t\t<div class=\"elementor-element elementor-element-593fd69 elementor-widget__width-initial elementor-widget elementor-widget-text-editor\" data-id=\"593fd69\" data-element_type=\"widget\" data-widget_type=\"text-editor.default\">\n\t\t\t\t<div class=\"elementor-widget-container\">\n\t\t\t<style>\/*! elementor - v3.17.0 - 01-11-2023 *\/\n.elementor-widget-text-editor.elementor-drop-cap-view-stacked .elementor-drop-cap{background-color:#69727d;color:#fff}.elementor-widget-text-editor.elementor-drop-cap-view-framed .elementor-drop-cap{color:#69727d;border:3px solid;background-color:transparent}.elementor-widget-text-editor:not(.elementor-drop-cap-view-default) .elementor-drop-cap{margin-top:8px}.elementor-widget-text-editor:not(.elementor-drop-cap-view-default) .elementor-drop-cap-letter{width:1em;height:1em}.elementor-widget-text-editor .elementor-drop-cap{float:left;text-align:center;line-height:1;font-size:50px}.elementor-widget-text-editor .elementor-drop-cap-letter{display:inline-block}<\/style>\t\t\t\t<p><strong>Le Tribunal statuant sur la demande d\u2019ouverture d\u2019une proc\u00e9dure de redressement judiciaire peut<\/strong> <strong>valablement ordonner, dans un jugement avant dire droit, communication des actes et pi\u00e8ces relatifs \u00e0 une proc\u00e9dure de mandat ad hoc ou de conciliation, sans que la confidentialit\u00e9 attach\u00e9e \u00e0 une <\/strong><strong>proc\u00e9dure pr\u00e9ventive n\u2019y fasse obstacle.<\/strong><\/p><p>Il r\u00e9sulte de l\u2019arr\u00eat rendu par la Cour de cassation le 22 novembre 2023 (n\u00b022-17.798) que le Tribunal qui est saisi d\u2019une demande d\u2019ouverture d\u2019une proc\u00e9dure de redressement judiciaire par un d\u00e9biteur ayant b\u00e9n\u00e9fici\u00e9 d\u2019une proc\u00e9dure de mandat ad hoc dans les dix-huit mois qui pr\u00e9c\u00e8dent, peut solliciter, avant m\u00eame le jugement d\u2019ouverture, la transmission des pi\u00e8ces et actes relatifs \u00e0 cette proc\u00e9dure.<\/p><p>Dans cette affaire, le Tribunal, avant de statuer sur la demande d\u2019ouverture de la proc\u00e9dure de redressement judiciaire, avait ordonn\u00e9, dans un jugement avant-dire droit la communication des pi\u00e8ces et actes relatifs au mandat ad hoc et renvoy\u00e9 l\u2019examen de l\u2019affaire \u00e0 une date ult\u00e9rieure<span style=\"color: var( --e-global-color-text ); font-family: var( --e-global-typography-text-font-family ), Sans-serif; font-size: var( --e-global-typography-text-font-size ); font-weight: var( --e-global-typography-text-font-weight ); text-align: var(--text-align);\">.<\/span><\/p>\t\t\t\t\t\t<\/div>\n\t\t\t\t<\/div>\n\t\t\t\t<div class=\"elementor-element elementor-element-85da8b8 elementor-widget elementor-widget-image\" data-id=\"85da8b8\" data-element_type=\"widget\" data-widget_type=\"image.default\">\n\t\t\t\t<div class=\"elementor-widget-container\">\n\t\t\t<style>\/*! elementor - v3.17.0 - 01-11-2023 *\/\n.elementor-widget-image{text-align:center}.elementor-widget-image a{display:inline-block}.elementor-widget-image a img[src$=\".svg\"]{width:48px}.elementor-widget-image img{vertical-align:middle;display:inline-block}<\/style>\t\t\t\t\t\t\t\t\t\t\t\t<img loading=\"lazy\" decoding=\"async\" width=\"900\" height=\"600\" src=\"https:\/\/anasta.fr\/wp-content\/uploads\/2024\/01\/anasta-actualite-jeux-olympiques-1024x683.jpg\" class=\"attachment-large size-large wp-image-6689\" alt=\"\" \/>\t\t\t\t\t\t\t\t\t\t\t\t\t\t\t<\/div>\n\t\t\t\t<\/div>\n\t\t\t\t<\/div>\n\t\t\t\t<div class=\"elementor-element elementor-element-b4edbd4 elementor-widget elementor-widget-text-editor\" data-id=\"b4edbd4\" data-element_type=\"widget\" data-widget_type=\"text-editor.default\">\n\t\t\t\t<div class=\"elementor-widget-container\">\n\t\t\t\t\t\t\t<p><span style=\"color: var( --e-global-color-text ); font-family: var( --e-global-typography-text-font-family ), Sans-serif; font-size: var( --e-global-typography-text-font-size ); font-weight: var( --e-global-typography-text-font-weight ); text-align: var(--text-align);\">Appel-nullit\u00e9 avait alors \u00e9t\u00e9 interjet\u00e9 \u00e0 l\u2019encontre de ce jugement par la demanderesse, sur le fondement de l\u2019article L611-15 du Code de commerce qui dispose que \u00ab toute personne qui est appel\u00e9e \u00e0 la proc\u00e9dure de conciliation ou \u00e0 un mandat ad hoc ou qui, par ses fonctions, en a connaissance est tenue \u00e0 la confidentialit\u00e9 \u00bb.<\/span><\/p><p>La Cour d\u2019appel avait confirm\u00e9 le jugement pr\u00e9c\u00e9demment rendu.<\/p><p>Un pourvoi est form\u00e9 \u00e0 l\u2019encontre de cet arr\u00eat puisque, selon la demanderesse au pourvoi, le Tribunal\u00a0 ne pouvait ordonner la lev\u00e9e de la confidentialit\u00e9 alors m\u00eame que la proc\u00e9dure collective n\u2019avait pas encore \u00e9t\u00e9 ouverte.<\/p><p>La demanderesse consid\u00e9rait que le Tribunal, puis \u00e0 sa suite la Cour d\u2019appel, avaient commis un exc\u00e8s de pouvoir en affirmant le contraire.<\/p><p>La Haute Juridiction rejette le moyen et \u00e9nonce qu\u2019 \u00ab en application des articles L621-1, alin\u00e9a 5 et 6 et L631-7 du Code de commerce, un tribunal, saisi d\u2019une demande d\u2019ouverture d\u2019une proc\u00e9dure de redressement judiciaire \u00e0 l\u2019\u00e9gard d\u2019un d\u00e9biteur qui b\u00e9n\u00e9ficie ou a b\u00e9n\u00e9fici\u00e9 d\u2019un mandat ad hoc ou<br \/>d\u2019une proc\u00e9dure de conciliation dans les dix-huit mois qui pr\u00e9c\u00e8dent, peut, d\u2019office ou \u00e0 la demande du minist\u00e8re public obtenir communication des pi\u00e8ces et actes relatifs au mandat ad hoc ou \u00e0 la conciliation, nonobstant les dispositions de l\u2019article L611-15 du m\u00eame code \u00bb.<\/p><p>L\u2019arr\u00eat, publi\u00e9 au bulletin, est int\u00e9ressant en ce qu\u2019il vient pr\u00e9ciser les contours de la lev\u00e9e de la confidentialit\u00e9 attach\u00e9e \u00e0 une proc\u00e9dure pr\u00e9ventive. S\u2019il ne faisait jusqu\u2019alors nul doute sur le fait que le Tribunal qui ouvre une proc\u00e9dure collective pouvait solliciter la communication des \u00e9l\u00e9ments relatifs<br \/>au mandat ad hoc ou \u00e0 la conciliation, l\u2019arr\u00eat vient pr\u00e9ciser que le Tribunal est fond\u00e9 \u00e0 ordonner la lev\u00e9e de la confidentialit\u00e9 avant m\u00eame d\u2019avoir statu\u00e9 sur l\u2019ouverture de la proc\u00e9dure collective. La Cour de cassation vient ici affirmer que la lev\u00e9e de la confidentialit\u00e9 n\u2019intervient pas n\u00e9cessairement une foisla<br \/>proc\u00e9dure collective ouverte.<\/p><p>M\u00eame si la pr\u00e9servation de la confidentialit\u00e9 qui entoure les proc\u00e9dures pr\u00e9ventives est primordiale, la d\u00e9cision ne peut qu\u2019\u00eatre approuv\u00e9e. Il semble en effet coh\u00e9rent que la Juridiction, appel\u00e9e \u00e0 statuer sur la demande d\u2019ouverture d\u2019une proc\u00e9dure collective, puisse avoir pleinement connaissance de la situation du demandeur afin d\u2019\u00eatre en mesure d\u2019appr\u00e9cier le bienfond\u00e9 de la demande, s\u2019agissant notamment du fait de savoir si la proc\u00e9dure sollicit\u00e9e est adapt\u00e9e.<\/p>\t\t\t\t\t\t<\/div>\n\t\t\t\t<\/div>\n\t\t\t\t\t<\/div>\n\t\t\t\t<\/div>\n\t\t\t\t\t\t\t<\/div>","protected":false},"excerpt":{"rendered":"<p>Le Tribunal statuant sur la demande d\u2019ouverture d\u2019une proc\u00e9dure de redressement judiciaire peut valablement ordonner, dans un jugement avant dire droit, communication des actes et pi\u00e8ces relatifs \u00e0 une proc\u00e9dure de mandat ad hoc ou de conciliation, sans que la confidentialit\u00e9 attach\u00e9e \u00e0 une proc\u00e9dure pr\u00e9ventive n\u2019y fasse obstacle.<\/p>","protected":false},"author":1,"featured_media":6689,"comment_status":"closed","ping_status":"open","sticky":false,"template":"elementor_header_footer","format":"standard","meta":{"footnotes":""},"categories":[1],"tags":[],"class_list":["post-6688","post","type-post","status-publish","format-standard","has-post-thumbnail","hentry","category-non-classe"],"_links":{"self":[{"href":"https:\/\/anasta.fr\/en\/wp-json\/wp\/v2\/posts\/6688","targetHints":{"allow":["GET"]}}],"collection":[{"href":"https:\/\/anasta.fr\/en\/wp-json\/wp\/v2\/posts"}],"about":[{"href":"https:\/\/anasta.fr\/en\/wp-json\/wp\/v2\/types\/post"}],"author":[{"embeddable":true,"href":"https:\/\/anasta.fr\/en\/wp-json\/wp\/v2\/users\/1"}],"replies":[{"embeddable":true,"href":"https:\/\/anasta.fr\/en\/wp-json\/wp\/v2\/comments?post=6688"}],"version-history":[{"count":14,"href":"https:\/\/anasta.fr\/en\/wp-json\/wp\/v2\/posts\/6688\/revisions"}],"predecessor-version":[{"id":6738,"href":"https:\/\/anasta.fr\/en\/wp-json\/wp\/v2\/posts\/6688\/revisions\/6738"}],"wp:featuredmedia":[{"embeddable":true,"href":"https:\/\/anasta.fr\/en\/wp-json\/wp\/v2\/media\/6689"}],"wp:attachment":[{"href":"https:\/\/anasta.fr\/en\/wp-json\/wp\/v2\/media?parent=6688"}],"wp:term":[{"taxonomy":"category","embeddable":true,"href":"https:\/\/anasta.fr\/en\/wp-json\/wp\/v2\/categories?post=6688"},{"taxonomy":"post_tag","embeddable":true,"href":"https:\/\/anasta.fr\/en\/wp-json\/wp\/v2\/tags?post=6688"}],"curies":[{"name":"wp","href":"https:\/\/api.w.org\/{rel}","templated":true}]}}